{"id":93,"date":"2021-05-31T00:06:46","date_gmt":"2021-05-31T00:06:46","guid":{"rendered":"https:\/\/macchieurbane.org\/?p=93"},"modified":"2021-05-31T00:06:47","modified_gmt":"2021-05-31T00:06:47","slug":"percorsi-toponomastica-fascista-nel-quartiere-di-castello","status":"publish","type":"post","link":"https:\/\/macchieurbane.org\/index.php\/2021\/05\/31\/percorsi-toponomastica-fascista-nel-quartiere-di-castello\/","title":{"rendered":"Percorsi &#8211; Toponomastica fascista nel quartiere di Castello"},"content":{"rendered":"\n<p>Qui di seguito pubblichiamo l&#8217;articolo uscito sul numero di Giugno 2021 di Fuori Binario che riassume alcuni elementi di toponomastica fascista che sopravvivono <strong>purtroppo<\/strong> all&#8217;interno nel quartiere di Castello. Il percorso completo della passeggiata si snoda in realt\u00e0 tra le memorie partigiane e la segnalazione di quelle vie dedicate a personaggi pessimi che non vorremmo leggere sui nomi delle nostre strade (indicate con il simbolo **).<\/p>\n\n\n\n<p>L&#8217;articolo apparso su Fuori Binario:<\/p>\n\n\n\n<p>Non \u00e8 infrequente nelle nostre citt\u00e0 imbattersi in vie il cui nome richiami personaggi o eventi quantomeno ambigui, se non completamente deplorevoli, come quelli che riguardano la sfera del fascismo. La questione \u00e8 nota in termini civici da tempo. In diverse occasioni realt\u00e0 locali hanno riacceso l\u2019attenzione sul problema con approcci e finalit\u00e0 piuttosto eterogenei. Ne sono un esempio le iniziative intraprese da alcuni comitati di quartiere a Roma o dei progetti di Resistenze in Cirenaica a Bologna o di Viva Menelicchi a Palermo. <br>Sulla scia di quest\u2019ultime due esperienze si va a collocare anche Macchie Urbane, esperimento in salsa fiorentina di questa pratica che chiameremo toponomastica resistente. Per ora Macchie Urbane si \u00e8 concretizzata in un sito (<a href=\"htttps:\/\/macchieurbane.org\">https:\/\/macchieurbane.org<\/a>) e una passeggiata guidata sui luogi storici dell&#8217;antifascismo nella zona del Sodo\/Castello il 25 Aprile. Durante questa gita metropolitana particolare attenzione \u00e8 stata posta al racconto delle vicende legate ai personggi pessimi figuranti nella toponomastica di quel pezzo di citt\u00e0. <br>Proviamo a riassumerle brevemente qui di seguito. A ogni personaggio corrisponde purtroppo l&#8217;omonima via.<br><br><strong><em><a href=\"https:\/\/macchieurbane.org\/index.php\/2021\/05\/30\/memorie-via-reginaldo-giuliani\/\" data-type=\"post\" data-id=\"65\">Reginaldo Giuliani<\/a><\/em><\/strong> fu un prete domenicano. Fin dalla prima giovinezza si contraddistinse per le posizioni fortemente reazionarie: si schier\u00f2 attivamente contro le rivolte operaie delle fabbriche a Torino, dove nacque e si form\u00f2, partecip\u00f2 alla spedizione di Fiume, fu entusiasta aderente ai Fasci di Combattimento nel 1919 e attivo promotore dello squadrismo con le Fiamme Bianche. Venne soprannominato gi\u00e0 in vita &#8220;il cappellano delle camicie nere&#8221;. Giuliani fu ucciso dalla resistenza locale nella battaglia di passo Uarieu durante\u00a0la Guerra\u00a0coloniale d\u2019Etiopia. In quella campagna l\u2019esercito Italiano si macchi\u00f2 di atrocit\u00e0 condannate gi\u00e0 al tempo, ma benedette da Giuliani. Il suo nome inizi\u00f2 a ritrovarsi nella toponomastica di moltissime citt\u00e0 italiane sul finire degli anni \u201830. Fu estirpato repentinamente nel dopo guerra da citt\u00e0 come Torino, in cui il ricordo del personaggio era pi\u00f9 vivido, mentre in altre, come appunto la nostra, Roma o Milano lo ritroviamo ancora oggi.<\/p>\n\n\n\n<p>L\u2019aviatore <strong><em><a href=\"https:\/\/macchieurbane.org\/index.php\/2021\/05\/30\/memorie-antonio-locatelli\/\" data-type=\"post\" data-id=\"75\">Antonio Locatelli<\/a><\/em><\/strong> fu sostenitore attivo del fascismo dai suoi albori,deputato in parlamento dal 1924 al 1928, si arruol\u00f2 volontario e mori durante la Guerra d\u2019Etiopia ucciso da guerriglieri abissini a Lechemti nel 1936. Dopo la prima guerra mondiale partecip\u00f2 a diverse spedizioni propagandistiche del Fascio che lo resero relativamente poco famoso in vita, ma assolutamente perfetto da celebrare come martire crociato del colonialismo italiano.<\/p>\n\n\n\n<p>Concludiamo questa carrellata di sopravvivenze di toponomastica fascista con <strong><em><a href=\"https:\/\/macchieurbane.org\/index.php\/2021\/05\/30\/memorie-guglielmo-chiarini\/\" data-type=\"post\" data-id=\"77\">Guglielmo Chiarini<\/a><\/em><\/strong>. Anche lui aviatore fascista morto in guerra in Africa nel 1941 durante gli scontri con l\u2019aereonautica inglese a Benina in Libia. Fece parte dei &#8220;Falchi delle Baleari&#8221;, cio\u00e8 l\u2019aviazione legionaria italiana di stanza a Maiorca a met\u00e0 degli anni &#8217;30. Resa tristemente nota per i devastanti e spietati bombardamenti di Barcellona e Guernica durante la rivoluzione spagnola.<\/p>\n","protected":false},"excerpt":{"rendered":"<p>Qui di seguito pubblichiamo l&#8217;articolo uscito sul numero di Giugno 2021 di Fuori Binario che riassume alcuni elementi di toponomastica fascista che sopravvivono purtroppo all&#8217;interno nel quartiere di Castello. Il percorso completo della passeggiata si snoda in realt\u00e0 tra le memorie partigiane e la segnalazione di quelle vie dedicate a personaggi pessimi che non vorremmo &hellip;<\/p>\n<p class=\"read-more\"> <a class=\"\" href=\"https:\/\/macchieurbane.org\/index.php\/2021\/05\/31\/percorsi-toponomastica-fascista-nel-quartiere-di-castello\/\"> <span class=\"screen-reader-text\">Percorsi &#8211; Toponomastica fascista nel quartiere di Castello<\/span> Read More &raquo;<\/a><\/p>\n","protected":false},"author":1,"featured_media":0,"comment_status":"closed","ping_status":"open","sticky":false,"template":"","format":"standard","meta":{"site-sidebar-layout":"default","site-content-layout":"default","ast-main-header-display":"","ast-hfb-above-header-display":"","ast-hfb-below-header-display":"","ast-hfb-mobile-header-display":"","site-post-title":"","ast-breadcrumbs-content":"","ast-featured-img":"","footer-sml-layout":"","theme-transparent-header-meta":"default","adv-header-id-meta":"","stick-header-meta":"","header-above-stick-meta":"","header-main-stick-meta":"","header-below-stick-meta":"","footnotes":""},"categories":[2],"tags":[22,8,16,6,10,5,15],"class_list":["post-93","post","type-post","status-publish","format-standard","hentry","category-percorsi","tag-castello","tag-colonialismo","tag-fascismo","tag-firenze","tag-italiani-brava-gente","tag-reginaldo-giuliani","tag-rifredi"],"uagb_featured_image_src":{"full":false,"thumbnail":false,"medium":false,"medium_large":false,"large":false,"1536x1536":false,"2048x2048":false},"uagb_author_info":{"display_name":"macchieurbane","author_link":"https:\/\/macchieurbane.org\/index.php\/author\/macchieurbane\/"},"uagb_comment_info":1,"uagb_excerpt":"Qui di seguito pubblichiamo l&#8217;articolo uscito sul numero di Giugno 2021 di Fuori Binario che riassume alcuni elementi di toponomastica fascista che sopravvivono purtroppo all&#8217;interno nel quartiere di Castello. Il percorso completo della passeggiata si snoda in realt\u00e0 tra le memorie partigiane e la segnalazione di quelle vie dedicate a personaggi pessimi che non vorremmo&hellip;","_links":{"self":[{"href":"https:\/\/macchieurbane.org\/index.php\/wp-json\/wp\/v2\/posts\/93","targetHints":{"allow":["GET"]}}],"collection":[{"href":"https:\/\/macchieurbane.org\/index.php\/wp-json\/wp\/v2\/posts"}],"about":[{"href":"https:\/\/macchieurbane.org\/index.php\/wp-json\/wp\/v2\/types\/post"}],"author":[{"embeddable":true,"href":"https:\/\/macchieurbane.org\/index.php\/wp-json\/wp\/v2\/users\/1"}],"replies":[{"embeddable":true,"href":"https:\/\/macchieurbane.org\/index.php\/wp-json\/wp\/v2\/comments?post=93"}],"version-history":[{"count":1,"href":"https:\/\/macchieurbane.org\/index.php\/wp-json\/wp\/v2\/posts\/93\/revisions"}],"predecessor-version":[{"id":94,"href":"https:\/\/macchieurbane.org\/index.php\/wp-json\/wp\/v2\/posts\/93\/revisions\/94"}],"wp:attachment":[{"href":"https:\/\/macchieurbane.org\/index.php\/wp-json\/wp\/v2\/media?parent=93"}],"wp:term":[{"taxonomy":"category","embeddable":true,"href":"https:\/\/macchieurbane.org\/index.php\/wp-json\/wp\/v2\/categories?post=93"},{"taxonomy":"post_tag","embeddable":true,"href":"https:\/\/macchieurbane.org\/index.php\/wp-json\/wp\/v2\/tags?post=93"}],"curies":[{"name":"wp","href":"https:\/\/api.w.org\/{rel}","templated":true}]}}